{"id":3590,"date":"2020-09-16T08:47:40","date_gmt":"2020-09-16T06:47:40","guid":{"rendered":"https:\/\/www.viajarsolo.com\/blog\/?p=3590"},"modified":"2020-09-16T17:15:57","modified_gmt":"2020-09-16T15:15:57","slug":"has-viajado-sol-este-verano","status":"publish","type":"post","link":"https:\/\/www.viajarsolo.com\/blog\/has-viajado-sol-este-verano\/","title":{"rendered":"\u00bfHas viajado sol@ este verano?"},"content":{"rendered":"<p>Ya a mitades de septiembre os traemos una pregunta: \u00bfHas viajado sol@ este verano?<\/p>\n<p>Esta pregunta surge volviendo la vista atr\u00e1s para recordar un programa de Onda Cero de finales de junio.\u00a0En \u00e9l hablaron de c\u00f3mo se planteaban los viajes tras el confinamiento y lanzaban una encuesta a los oyentes sobre los planes de los espa\u00f1oles ante las vacaciones del verano.<\/p>\n<p>Se centraban en si iban a aumentar los viajes solos despu\u00e9s de haber estado tanto tiempo confinados, o si se seguir\u00eda optando por viajar en pareja.\u00a0Tambi\u00e9n se preguntaban si las personas con pareja se animan o no a viajar solas, y si normalmente la otra parte lo acepta con agrado.<\/p>\n<p>Para resolver algunas de las inc\u00f3gnitas contaron con la participaci\u00f3n de dos personas que conocen estos temas a la perfecci\u00f3n.<\/p>\n<p><!--more--><\/p>\n<p>Por un lado Isabel Moreno, psic\u00f3loga, sex\u00f3loga y especialista en terapias de pareja.<\/p>\n<p>Ella nos recomienda viajar solo como una experiencia de autocuidado y una oportunidad de echar de menos a la pareja.<\/p>\n<p>Adem\u00e1s aconseja que, si hay alguna duda a la hora de plantear un viaje por separado, hay que comentarlo antes de la salida y mantener contacto, un ratito al d\u00eda, durante el viaje.<\/p>\n<p>Por otro lado nuestra directora, Hellen Faus, habl\u00f3 de c\u00f3mo, aproximadamente un 30% de nuestros viajeros, tienen pareja pero deciden viajar solos por diferentes causas.<\/p>\n<p>Coment\u00f3 que se estaba notando un incremento en esta cifra por la b\u00fasqueda de un cambio tras tantos d\u00edas de estar juntos.<\/p>\n<p>Si os apetece o\u00edr el programa completo de El Rinc\u00f3n de Pensar, lo pod\u00e9is oir aqui:<\/p>\n<div class=\"embed-responsive embed-responsive-16by9\"><iframe loading=\"lazy\" src=\"https:\/\/www.ondacero.es\/embed\/como-prefieres-viajar-solo-pareja\/audio\/2\/2020\/06\/27\/5ef783e97ed1a8c6798c1c2a\" width=\"560\" height=\"315\" frameborder=\"0\" allowfullscreen=\"allowfullscreen\"><\/iframe><\/div>\n<p>&nbsp;<\/p>\n<p>Os dejamos tambi\u00e9n <a href=\"https:\/\/www.ondacero.es\/programas\/por-fin-no-es-lunes\/podcast\/rincon\/como-prefieres-viajar-solo-pareja_202006275ef783eff9cab9000173d28d.html\" target=\"_blank\" rel=\"noopener noreferrer\">el enlace a su web<\/a> para ver c\u00f3mo ha quedado la encuesta que lanzaron.<\/p>\n<p>Y relacionado con todo esto, os recordamos un art\u00edculo en nuestro blog de mitad de junio,\u00a0 que pod\u00e9is leer o releer desde este enlace, titulado: <a href=\"https:\/\/www.viajarsolo.com\/blog\/que-corra-el-aire\/\" target=\"_blank\" rel=\"noopener noreferrer\">\u00a1Que corra el aire!<\/a><\/p>\n<p>Ahora nos toca a nosotros preguntar: vosotros \u00bfc\u00f3mo hab\u00e9is pasado el verano? \u00bfos hab\u00e9is planteado viajar solos? \u00bfos hab\u00e9is animado a hacerlo?<\/p>\n","protected":false},"excerpt":{"rendered":"<p>Ya a mitades de septiembre os traemos una pregunta: \u00bfHas viajado sol@ este verano? Esta pregunta surge volviendo la vista atr\u00e1s para recordar un programa de Onda Cero de finales de junio.\u00a0En \u00e9l hablaron de c\u00f3mo se planteaban los viajes tras el confinamiento y lanzaban una encuesta a los oyentes sobre los planes de los [&hellip;]<\/p>\n","protected":false},"author":10,"featured_media":1856,"comment_status":"open","ping_status":"open","sticky":false,"template":"","format":"standard","meta":{"_exactmetrics_skip_tracking":false,"_exactmetrics_sitenote_active":false,"_exactmetrics_sitenote_note":"","_exactmetrics_sitenote_category":0,"footnotes":""},"categories":[356,198],"tags":[359,114,358,116],"class_list":["post-3590","post","type-post","status-publish","format-standard","has-post-thumbnail","hentry","category-covid-19","category-en-prensa","tag-pareja","tag-verano","tag-viajar-sola","tag-viajar-solo"],"yoast_head":"<!-- This site is optimized with the Yoast SEO plugin v27.4 - https:\/\/yoast.com\/product\/yoast-seo-wordpress\/ -->\n<title>\u00bfHas viajado sol@ este verano? - ViajarSolo Blog<\/title>\n<meta name=\"description\" content=\"A finales de junio, en Onda Cero, hablaron de c\u00f3mo se planteaban los viajes tras el confinamiento y lanzaban una encuesta a los oyentes sobre los planes de los espa\u00f1oles ante las vacaciones del verano. Ahora, a mitades de septiembre te preguntamos \u00bfHas viajado sol@ este verano?\" \/>\n<meta name=\"robots\" content=\"index, follow, max-snippet:-1, max-image-preview:large, max-video-preview:-1\" \/>\n<link rel=\"canonical\" href=\"https:\/\/www.viajarsolo.com\/blog\/has-viajado-sol-este-verano\/\" \/>\n<meta property=\"og:locale\" content=\"es_ES\" \/>\n<meta property=\"og:type\" content=\"article\" \/>\n<meta property=\"og:title\" content=\"\u00bfHas viajado sol@ este verano? - ViajarSolo Blog\" \/>\n<meta property=\"og:description\" content=\"A finales de junio, en Onda Cero, hablaron de c\u00f3mo se planteaban los viajes tras el confinamiento y lanzaban una encuesta a los oyentes sobre los planes de los espa\u00f1oles ante las vacaciones del verano. Ahora, a mitades de septiembre te preguntamos \u00bfHas viajado sol@ este verano?\" \/>\n<meta property=\"og:url\" content=\"https:\/\/www.viajarsolo.com\/blog\/has-viajado-sol-este-verano\/\" \/>\n<meta property=\"og:site_name\" content=\"ViajarSolo Blog\" \/>\n<meta property=\"article:publisher\" content=\"https:\/\/www.facebook.com\/ViajarSolo\" \/>\n<meta property=\"article:published_time\" content=\"2020-09-16T06:47:40+00:00\" \/>\n<meta property=\"article:modified_time\" content=\"2020-09-16T15:15:57+00:00\" \/>\n<meta property=\"og:image\" content=\"https:\/\/www.viajarsolo.com\/blog\/wp-content\/uploads\/2016\/11\/radio-1594819_1920.jpg\" \/>\n\t<meta property=\"og:image:width\" content=\"1920\" \/>\n\t<meta property=\"og:image:height\" content=\"600\" \/>\n\t<meta property=\"og:image:type\" content=\"image\/jpeg\" \/>\n<meta name=\"author\" content=\"Raquel Peir\u00f3\" \/>\n<meta name=\"twitter:card\" content=\"summary_large_image\" \/>\n<meta name=\"twitter:creator\" content=\"@ViajarSolo\" \/>\n<meta name=\"twitter:site\" content=\"@ViajarSolo\" \/>\n<meta name=\"twitter:label1\" content=\"Escrito por\" \/>\n\t<meta name=\"twitter:data1\" content=\"Raquel Peir\u00f3\" \/>\n\t<meta name=\"twitter:label2\" content=\"Tiempo de lectura\" \/>\n\t<meta name=\"twitter:data2\" content=\"2 minutos\" \/>\n<!-- \/ Yoast SEO plugin. -->","yoast_head_json":{"title":"\u00bfHas viajado sol@ este verano? - ViajarSolo Blog","description":"A finales de junio, en Onda Cero, hablaron de c\u00f3mo se planteaban los viajes tras el confinamiento y lanzaban una encuesta a los oyentes sobre los planes de los espa\u00f1oles ante las vacaciones del verano. Ahora, a mitades de septiembre te preguntamos \u00bfHas viajado sol@ este verano?","robots":{"index":"index","follow":"follow","max-snippet":"max-snippet:-1","max-image-preview":"max-image-preview:large","max-video-preview":"max-video-preview:-1"},"canonical":"https:\/\/www.viajarsolo.com\/blog\/has-viajado-sol-este-verano\/","og_locale":"es_ES","og_type":"article","og_title":"\u00bfHas viajado sol@ este verano? - ViajarSolo Blog","og_description":"A finales de junio, en Onda Cero, hablaron de c\u00f3mo se planteaban los viajes tras el confinamiento y lanzaban una encuesta a los oyentes sobre los planes de los espa\u00f1oles ante las vacaciones del verano. Ahora, a mitades de septiembre te preguntamos \u00bfHas viajado sol@ este verano?","og_url":"https:\/\/www.viajarsolo.com\/blog\/has-viajado-sol-este-verano\/","og_site_name":"ViajarSolo Blog","article_publisher":"https:\/\/www.facebook.com\/ViajarSolo","article_published_time":"2020-09-16T06:47:40+00:00","article_modified_time":"2020-09-16T15:15:57+00:00","og_image":[{"width":1920,"height":600,"url":"https:\/\/www.viajarsolo.com\/blog\/wp-content\/uploads\/2016\/11\/radio-1594819_1920.jpg","type":"image\/jpeg"}],"author":"Raquel Peir\u00f3","twitter_card":"summary_large_image","twitter_creator":"@ViajarSolo","twitter_site":"@ViajarSolo","twitter_misc":{"Escrito por":"Raquel Peir\u00f3","Tiempo de lectura":"2 minutos"},"schema":{"@context":"https:\/\/schema.org","@graph":[{"@type":"Article","@id":"https:\/\/www.viajarsolo.com\/blog\/has-viajado-sol-este-verano\/#article","isPartOf":{"@id":"https:\/\/www.viajarsolo.com\/blog\/has-viajado-sol-este-verano\/"},"author":{"name":"Raquel Peir\u00f3","@id":"https:\/\/www.viajarsolo.com\/blog\/#\/schema\/person\/1b435b37591af33fffdf9b4b02394c2c"},"headline":"\u00bfHas viajado sol@ este verano?","datePublished":"2020-09-16T06:47:40+00:00","dateModified":"2020-09-16T15:15:57+00:00","mainEntityOfPage":{"@id":"https:\/\/www.viajarsolo.com\/blog\/has-viajado-sol-este-verano\/"},"wordCount":362,"commentCount":0,"publisher":{"@id":"https:\/\/www.viajarsolo.com\/blog\/#organization"},"image":{"@id":"https:\/\/www.viajarsolo.com\/blog\/has-viajado-sol-este-verano\/#primaryimage"},"thumbnailUrl":"https:\/\/www.viajarsolo.com\/blog\/wp-content\/uploads\/2016\/11\/radio-1594819_1920.jpg","keywords":["pareja","verano","viajar sola","viajar solo"],"articleSection":["Covid 19","En prensa"],"inLanguage":"es","potentialAction":[{"@type":"CommentAction","name":"Comment","target":["https:\/\/www.viajarsolo.com\/blog\/has-viajado-sol-este-verano\/#respond"]}]},{"@type":"WebPage","@id":"https:\/\/www.viajarsolo.com\/blog\/has-viajado-sol-este-verano\/","url":"https:\/\/www.viajarsolo.com\/blog\/has-viajado-sol-este-verano\/","name":"\u00bfHas viajado sol@ este verano? - ViajarSolo Blog","isPartOf":{"@id":"https:\/\/www.viajarsolo.com\/blog\/#website"},"primaryImageOfPage":{"@id":"https:\/\/www.viajarsolo.com\/blog\/has-viajado-sol-este-verano\/#primaryimage"},"image":{"@id":"https:\/\/www.viajarsolo.com\/blog\/has-viajado-sol-este-verano\/#primaryimage"},"thumbnailUrl":"https:\/\/www.viajarsolo.com\/blog\/wp-content\/uploads\/2016\/11\/radio-1594819_1920.jpg","datePublished":"2020-09-16T06:47:40+00:00","dateModified":"2020-09-16T15:15:57+00:00","description":"A finales de junio, en Onda Cero, hablaron de c\u00f3mo se planteaban los viajes tras el confinamiento y lanzaban una encuesta a los oyentes sobre los planes de los espa\u00f1oles ante las vacaciones del verano. Ahora, a mitades de septiembre te preguntamos \u00bfHas viajado sol@ este verano?","breadcrumb":{"@id":"https:\/\/www.viajarsolo.com\/blog\/has-viajado-sol-este-verano\/#breadcrumb"},"inLanguage":"es","potentialAction":[{"@type":"ReadAction","target":["https:\/\/www.viajarsolo.com\/blog\/has-viajado-sol-este-verano\/"]}]},{"@type":"ImageObject","inLanguage":"es","@id":"https:\/\/www.viajarsolo.com\/blog\/has-viajado-sol-este-verano\/#primaryimage","url":"https:\/\/www.viajarsolo.com\/blog\/wp-content\/uploads\/2016\/11\/radio-1594819_1920.jpg","contentUrl":"https:\/\/www.viajarsolo.com\/blog\/wp-content\/uploads\/2016\/11\/radio-1594819_1920.jpg","width":1920,"height":600},{"@type":"BreadcrumbList","@id":"https:\/\/www.viajarsolo.com\/blog\/has-viajado-sol-este-verano\/#breadcrumb","itemListElement":[{"@type":"ListItem","position":1,"name":"Portada","item":"https:\/\/www.viajarsolo.com\/blog\/"},{"@type":"ListItem","position":2,"name":"\u00bfHas viajado sol@ este verano?"}]},{"@type":"WebSite","@id":"https:\/\/www.viajarsolo.com\/blog\/#website","url":"https:\/\/www.viajarsolo.com\/blog\/","name":"ViajarSolo Blog","description":"Punto de encuentro de los que tienen la pasi\u00f3n por viajar","publisher":{"@id":"https:\/\/www.viajarsolo.com\/blog\/#organization"},"potentialAction":[{"@type":"SearchAction","target":{"@type":"EntryPoint","urlTemplate":"https:\/\/www.viajarsolo.com\/blog\/?s={search_term_string}"},"query-input":{"@type":"PropertyValueSpecification","valueRequired":true,"valueName":"search_term_string"}}],"inLanguage":"es"},{"@type":"Organization","@id":"https:\/\/www.viajarsolo.com\/blog\/#organization","name":"ViajarSolo","url":"https:\/\/www.viajarsolo.com\/blog\/","logo":{"@type":"ImageObject","inLanguage":"es","@id":"https:\/\/www.viajarsolo.com\/blog\/#\/schema\/logo\/image\/","url":"https:\/\/www.viajarsolo.com\/blog\/wp-content\/uploads\/2023\/07\/buzon7x2_0.jpg","contentUrl":"https:\/\/www.viajarsolo.com\/blog\/wp-content\/uploads\/2023\/07\/buzon7x2_0.jpg","width":874,"height":283,"caption":"ViajarSolo"},"image":{"@id":"https:\/\/www.viajarsolo.com\/blog\/#\/schema\/logo\/image\/"},"sameAs":["https:\/\/www.facebook.com\/ViajarSolo","https:\/\/x.com\/ViajarSolo","https:\/\/www.instagram.com\/viajarsolo\/"]},{"@type":"Person","@id":"https:\/\/www.viajarsolo.com\/blog\/#\/schema\/person\/1b435b37591af33fffdf9b4b02394c2c","name":"Raquel Peir\u00f3","image":{"@type":"ImageObject","inLanguage":"es","@id":"https:\/\/secure.gravatar.com\/avatar\/44febc1f0bd284b982da56e0040ae2505e0179f31ce09e0cc3a3f7e83994a2d9?s=96&d=mm&r=g","url":"https:\/\/secure.gravatar.com\/avatar\/44febc1f0bd284b982da56e0040ae2505e0179f31ce09e0cc3a3f7e83994a2d9?s=96&d=mm&r=g","contentUrl":"https:\/\/secure.gravatar.com\/avatar\/44febc1f0bd284b982da56e0040ae2505e0179f31ce09e0cc3a3f7e83994a2d9?s=96&d=mm&r=g","caption":"Raquel Peir\u00f3"}}]}},"_links":{"self":[{"href":"https:\/\/www.viajarsolo.com\/blog\/wp-json\/wp\/v2\/posts\/3590","targetHints":{"allow":["GET"]}}],"collection":[{"href":"https:\/\/www.viajarsolo.com\/blog\/wp-json\/wp\/v2\/posts"}],"about":[{"href":"https:\/\/www.viajarsolo.com\/blog\/wp-json\/wp\/v2\/types\/post"}],"author":[{"embeddable":true,"href":"https:\/\/www.viajarsolo.com\/blog\/wp-json\/wp\/v2\/users\/10"}],"replies":[{"embeddable":true,"href":"https:\/\/www.viajarsolo.com\/blog\/wp-json\/wp\/v2\/comments?post=3590"}],"version-history":[{"count":0,"href":"https:\/\/www.viajarsolo.com\/blog\/wp-json\/wp\/v2\/posts\/3590\/revisions"}],"wp:featuredmedia":[{"embeddable":true,"href":"https:\/\/www.viajarsolo.com\/blog\/wp-json\/wp\/v2\/media\/1856"}],"wp:attachment":[{"href":"https:\/\/www.viajarsolo.com\/blog\/wp-json\/wp\/v2\/media?parent=3590"}],"wp:term":[{"taxonomy":"category","embeddable":true,"href":"https:\/\/www.viajarsolo.com\/blog\/wp-json\/wp\/v2\/categories?post=3590"},{"taxonomy":"post_tag","embeddable":true,"href":"https:\/\/www.viajarsolo.com\/blog\/wp-json\/wp\/v2\/tags?post=3590"}],"curies":[{"name":"wp","href":"https:\/\/api.w.org\/{rel}","templated":true}]}}