{"id":275,"date":"2011-08-31T19:44:45","date_gmt":"2011-08-31T18:44:45","guid":{"rendered":"https:\/\/www.viajarsolo.com\/blog\/?p=275"},"modified":"2016-02-15T17:03:33","modified_gmt":"2016-02-15T17:03:33","slug":"la-oktoberfest-i","status":"publish","type":"post","link":"https:\/\/www.viajarsolo.com\/blog\/la-oktoberfest-i\/","title":{"rendered":"La Oktoberfest (I)"},"content":{"rendered":"<p>Vamos a hablaros de una de las fiestas de m\u00e1s renombre en todo el mundo:<span style=\"font-size: 14px;\"> la aut\u00e9ntica<strong> Oktoberfest de Munich<\/strong> (Alemania)<\/span><\/p>\n<p>Se celebra anualmente en septiembre y es hoy en d\u00eda uno de de los destinos de viaje m\u00e1s deseados porque une cultura, fiesta, gastronom\u00eda y por supuesto, \u00a1cerveza, mucha cerveza!<\/p>\n<p>Si te gusta la cerveza, divertirte, conocer gente nueva viajando y en un lugar con encanto como Munich y sus alrededores, \u00a1no debes perderte!<\/p>\n<p><!--more--><\/p>\n<p>La Oktoberfest o Fiesta de la Cerveza es una gran celebraci\u00f3n, de renombre mundial, cuyo origen se remonta al a\u00f1o 1810 en la ciudad b\u00e1vara de Munich.<\/p>\n<p>Pocos habr\u00e1 que no hayan visto u o\u00eddo hablar de ella; cada a\u00f1o, entre septiembre y octubre seg\u00fan coincidan las fechas, todas las televisiones del mundo alegran sus noticias con im\u00e1genes de esta alegre fiesta, donde hay Cerveza en abundancia, por supuesto, pero mucho m\u00e1s: una incre\u00edble muestra de lostrajes regionales b\u00e1varos, comida tradicional alemana, espect\u00e1culos diversos, atracciones, grandes y vistos\u00edsimas carpas montadas por las principales f\u00e1bricas cerveceras y restaurantes germanos, actuaciones, festivales y sobre todo much\u00edsima gente de todos los lugares del mundo que acuden a esta cita anual donde la alegr\u00eda y el buen rollo es la t\u00f3nica principal.<\/p>\n<p><strong>La Oktoberfest <\/strong>es uno de esos acontecimientos a los que habr\u00eda que ir al menos una vez en la vida, y un viaje obligado para los amantes de la cerveza y de la fiesta. Es como si el esp\u00edritu alem\u00e1n tradicionalmente serio y formal se transformara y ofrece una visi\u00f3n totalmente diferente de la fiesta b\u00e1vara.<\/p>\n<p>Es tanto su tir\u00f3n que no hay regi\u00f3n donde no se celebre una especie de \u201coktoberfest o fiesta de la cerveza\u201d en alguna fecha del a\u00f1o, como evento \u00fanico o acompa\u00f1ando a las ferias aut\u00f3ctonas. As\u00ed, en Espa\u00f1a tenemos la ya famosa la Oktoberfest de Zaragoza que se celebra junto a las enormes Fiestas del Pilar, la de C\u00e1diz\u2026 e incluso hay una web en espa\u00f1ol <a href=\"http:\/\/www.fiestadelacerveza.es\/\">www.fiestadelacerveza.es<\/a> que recoge todo este tipo de \u201csuced\u00e1neos\u201d de la aut\u00e9ntica Oktoberfest alemana. Y lo mismo ocurre en muchos otros pa\u00edses del mundo. \u00a1Y es que la cerveza nos gusta a todos!<\/p>\n<p><a href=\"https:\/\/www.viajarsolo.com\/blog\/wp-content\/uploads\/2011\/08\/092014oktoberfest_1280x720.jpg\" rel=\"attachment wp-att-885\"><img loading=\"lazy\" decoding=\"async\" class=\"alignnone size-full wp-image-885\" src=\"https:\/\/www.viajarsolo.com\/blog\/wp-content\/uploads\/2011\/08\/092014oktoberfest_1280x720.jpg\" alt=\"092014oktoberfest_1280x720\" width=\"1280\" height=\"720\" srcset=\"https:\/\/www.viajarsolo.com\/blog\/wp-content\/uploads\/2011\/08\/092014oktoberfest_1280x720.jpg 1280w, https:\/\/www.viajarsolo.com\/blog\/wp-content\/uploads\/2011\/08\/092014oktoberfest_1280x720-300x169.jpg 300w, https:\/\/www.viajarsolo.com\/blog\/wp-content\/uploads\/2011\/08\/092014oktoberfest_1280x720-768x432.jpg 768w, https:\/\/www.viajarsolo.com\/blog\/wp-content\/uploads\/2011\/08\/092014oktoberfest_1280x720-1024x576.jpg 1024w, https:\/\/www.viajarsolo.com\/blog\/wp-content\/uploads\/2011\/08\/092014oktoberfest_1280x720-617x347.jpg 617w\" sizes=\"auto, (max-width: 1280px) 100vw, 1280px\" \/><\/a><\/p>\n<p>Tiene un origen hist\u00f3rico, la primera se realiz\u00f3 del 12 al 17 de octubre de 1810 con motivo de la celebraci\u00f3n del enlace entre el pr\u00edncipe Luis I de Baviera con la princesa Teresa de Sajonia Altenburgo, y desde entonces cumple su cita anual en el Theresienwiese o Wiesn, un gran campo junto a la muralla de Munich. El motivo de trasladar la fecha a septiembre es por una mera cuesti\u00f3n climatol\u00f3gica, buscando que haga mejor tiempo. \u00danicamente se ha suspendido durante la 2\u00ba Guerra Mundial, lo que da idea de la continuidad y tradici\u00f3n de la gran fiesta.<\/p>\n<p>Comida, bebida, atracciones, baile, m\u00fasica y trajes t\u00edpicos son los principales ingredientes. Los trajes tiroleses t\u00edpicos, con grandes faldas y motivos alegres para las mujeres y los cl\u00e1sicos pantalones de cuero con tirantes de los hombres, todo jalonado con las flores alpinas tipo edelweiss ponen el punto art\u00edstico a la fiesta, ya que la gran mayor\u00eda de los alemanes los lucen con orgullo para la ocasi\u00f3n.<\/p>\n<p>La cerveza, servida en las t\u00edpicas jarras gruesas de vidrio de litro, se suelen acompa\u00f1ar de platos t\u00edpicos como salchichas, <strong><em>hendl<\/em><\/strong> (pollo asado), <strong><em>k\u00e4sesp\u00e4tzle<\/em><\/strong> (fideos de queso) y <strong><em>sauerkraut<\/em><\/strong> (chucrut), junto a delicatessen b\u00e1varas como el estofado de rabo de buey, <strong>himmel y erde<\/strong> (morcilla con pur\u00e9 de manzanas y patatas), <strong>Schlachtplatte<\/strong> (placa de embutidos mixtos), <strong>hassenpfeffer<\/strong> (estofado de conejo) y por supuesto el <strong>schweinshaxe<\/strong> (codillo de cerdo).<\/p>\n<p><a href=\"https:\/\/www.viajarsolo.com\/blog\/wp-content\/uploads\/2011\/08\/oktoberfest.jpg\" rel=\"attachment wp-att-886\"><img loading=\"lazy\" decoding=\"async\" class=\"alignnone size-full wp-image-886\" src=\"https:\/\/www.viajarsolo.com\/blog\/wp-content\/uploads\/2011\/08\/oktoberfest.jpg\" alt=\"oktoberfest\" width=\"1589\" height=\"1000\" srcset=\"https:\/\/www.viajarsolo.com\/blog\/wp-content\/uploads\/2011\/08\/oktoberfest.jpg 1589w, https:\/\/www.viajarsolo.com\/blog\/wp-content\/uploads\/2011\/08\/oktoberfest-300x189.jpg 300w, https:\/\/www.viajarsolo.com\/blog\/wp-content\/uploads\/2011\/08\/oktoberfest-768x483.jpg 768w, https:\/\/www.viajarsolo.com\/blog\/wp-content\/uploads\/2011\/08\/oktoberfest-1024x644.jpg 1024w, https:\/\/www.viajarsolo.com\/blog\/wp-content\/uploads\/2011\/08\/oktoberfest-617x388.jpg 617w\" sizes=\"auto, (max-width: 1589px) 100vw, 1589px\" \/><\/a><\/p>\n<p>Sin olvidar los<strong> Pretzels<\/strong> tradicionales, enormes rosquillas b\u00e1varas que son el alma de la fiesta!<\/p>\n<p>En las carpas hay m\u00fasica de bandas tradicionales alemanas, por obligaci\u00f3n, hasta las 18 h, y por la noche suena ya m\u00fasica moderna, pop, actual&#8230;<\/p>\n<p><span style=\"text-decoration: underline;\">Los horarios nos pueden resultar chocantes a los espa\u00f1oles, pero recordemos que es Alemania:<\/span><\/p>\n<p>Lunes a viernes: 10 am a 11 pm. Fin de semana: desde las 9 am<\/p>\n<p>La \u00faltima cerveza se sirve a las 10\u201930 de la noche.<\/p>\n<p>La hora m\u00e1s animada y deseada es la del mediod\u00eda, entre las 12 y las 18 h la fiesta est\u00e1 en pleno apogeo!<\/p>\n<h2>\u00a1Algunos n\u00fameros realmente sorprendentes!<\/h2>\n<p>Durante las dos semanas de la fiesta se consume \u00a1el 30% de la producci\u00f3n anual de cerveza de Munich!!<\/p>\n<ul>\n<li>Anualmente se da trabajo a unas 12.000 personas durante la feria, de las que unos 1.600 son camareros<\/li>\n<li>Hay sitio para unas 10.000 personas sentadas en las mesas de las carpas. Pese a todo, muchas cierran el paso a m\u00e1s visitantes porque han superado su capacidad y no permiten la entrada a m\u00e1s gente!<\/li>\n<li>Unos 6 millones de visitantes anuales consumen m\u00e1s de 6 millones de litros de cerveza, cerca de medio mill\u00f3n de pollos, 220.000 salchichas, 60.000 codillos, 90 bueyes&#8230; en unas 35 carpas, 14 grandes y 21 peque\u00f1as.<\/li>\n<li>Los hoteles y reservas de las carpas llegan a estar llenos con m\u00e1s de 8 meses de anticipaci\u00f3n al inicio de la fiesta. En las fechas pr\u00f3ximas es pr\u00e1cticamente imposible encontrar alojamiento y sitios a no ser que se est\u00e9 dispuesto a pagar precios totalmente desorbitados.<\/li>\n<\/ul>\n<p>En la <a href=\"http:\/\/www.oktoberfest.de\" target=\"_blank\">p\u00e1gina oficial de la Oktoberfest <\/a>han habilitado una zona con google maps y se\u00f1alizaci\u00f3n de las grandes Carpas, donde, pinch\u00e1ndolas, podr\u00e1s acceder a ver la <a href=\"http:\/\/www.oktoberfest.de\/en\/article\/Beer+Tents\/The+big+tents\/Google+Map+-+all+tents+and+webcams\/2099\/\" target=\"_blank\">animaci\u00f3n en vivo mediante webcams.<\/a> Este recurso para los que no pod\u00e1is ir, o quienes quer\u00e1is controlar a los afortunados que est\u00e9n disfrutando de la fiesta en vivo y en directo!<\/p>\n<p><em><strong>Fiesta de la Cerveza 2011: del 17 de septiembre al 3 de octubre <\/strong><\/em><\/p>\n","protected":false},"excerpt":{"rendered":"<p>Vamos a hablaros de una de las fiestas de m\u00e1s renombre en todo el mundo: la aut\u00e9ntica Oktoberfest de Munich (Alemania) Se celebra anualmente en septiembre y es hoy en d\u00eda uno de de los destinos de viaje m\u00e1s deseados porque une cultura, fiesta, gastronom\u00eda y por supuesto, \u00a1cerveza, mucha cerveza! Si te gusta la [&hellip;]<\/p>\n","protected":false},"author":2,"featured_media":884,"comment_status":"open","ping_status":"open","sticky":false,"template":"","format":"standard","meta":{"_exactmetrics_skip_tracking":false,"_exactmetrics_sitenote_active":false,"_exactmetrics_sitenote_note":"","_exactmetrics_sitenote_category":0,"footnotes":""},"categories":[131],"tags":[16,132,73],"class_list":["post-275","post","type-post","status-publish","format-standard","has-post-thumbnail","hentry","category-viajes-de-fiesta","tag-alemania","tag-cerveza","tag-munich"],"yoast_head":"<!-- This site is optimized with the Yoast SEO plugin v27.5 - https:\/\/yoast.com\/product\/yoast-seo-wordpress\/ -->\n<title>La Oktoberfest (I) - ViajarSolo Blog<\/title>\n<meta name=\"description\" content=\"Blog de viajes para aventurero@s y singles intr\u00e9pidos.\" \/>\n<meta name=\"robots\" content=\"index, follow, max-snippet:-1, max-image-preview:large, max-video-preview:-1\" \/>\n<link rel=\"canonical\" href=\"https:\/\/www.viajarsolo.com\/blog\/la-oktoberfest-i\/\" \/>\n<meta property=\"og:locale\" content=\"es_ES\" \/>\n<meta property=\"og:type\" content=\"article\" \/>\n<meta property=\"og:title\" content=\"La Oktoberfest (I) - ViajarSolo Blog\" \/>\n<meta property=\"og:description\" content=\"Blog de viajes para aventurero@s y singles intr\u00e9pidos.\" \/>\n<meta property=\"og:url\" content=\"https:\/\/www.viajarsolo.com\/blog\/la-oktoberfest-i\/\" \/>\n<meta property=\"og:site_name\" content=\"ViajarSolo Blog\" \/>\n<meta property=\"article:publisher\" content=\"https:\/\/www.facebook.com\/ViajarSolo\" \/>\n<meta property=\"article:published_time\" content=\"2011-08-31T18:44:45+00:00\" \/>\n<meta property=\"article:modified_time\" content=\"2016-02-15T17:03:33+00:00\" \/>\n<meta property=\"og:image\" content=\"https:\/\/www.viajarsolo.com\/blog\/wp-content\/uploads\/2011\/08\/REU-GERMANY-OKTOBERFEST__003.jpg\" \/>\n\t<meta property=\"og:image:width\" content=\"1200\" \/>\n\t<meta property=\"og:image:height\" content=\"790\" \/>\n\t<meta property=\"og:image:type\" content=\"image\/jpeg\" \/>\n<meta name=\"author\" content=\"hellen\" \/>\n<meta name=\"twitter:card\" content=\"summary_large_image\" \/>\n<meta name=\"twitter:creator\" content=\"@ViajarSolo\" \/>\n<meta name=\"twitter:site\" content=\"@ViajarSolo\" \/>\n<meta name=\"twitter:label1\" content=\"Escrito por\" \/>\n\t<meta name=\"twitter:data1\" content=\"hellen\" \/>\n\t<meta name=\"twitter:label2\" content=\"Tiempo de lectura\" \/>\n\t<meta name=\"twitter:data2\" content=\"5 minutos\" \/>\n<!-- \/ Yoast SEO plugin. -->","yoast_head_json":{"title":"La Oktoberfest (I) - ViajarSolo Blog","description":"Blog de viajes para aventurero@s y singles intr\u00e9pidos.","robots":{"index":"index","follow":"follow","max-snippet":"max-snippet:-1","max-image-preview":"max-image-preview:large","max-video-preview":"max-video-preview:-1"},"canonical":"https:\/\/www.viajarsolo.com\/blog\/la-oktoberfest-i\/","og_locale":"es_ES","og_type":"article","og_title":"La Oktoberfest (I) - ViajarSolo Blog","og_description":"Blog de viajes para aventurero@s y singles intr\u00e9pidos.","og_url":"https:\/\/www.viajarsolo.com\/blog\/la-oktoberfest-i\/","og_site_name":"ViajarSolo Blog","article_publisher":"https:\/\/www.facebook.com\/ViajarSolo","article_published_time":"2011-08-31T18:44:45+00:00","article_modified_time":"2016-02-15T17:03:33+00:00","og_image":[{"width":1200,"height":790,"url":"https:\/\/www.viajarsolo.com\/blog\/wp-content\/uploads\/2011\/08\/REU-GERMANY-OKTOBERFEST__003.jpg","type":"image\/jpeg"}],"author":"hellen","twitter_card":"summary_large_image","twitter_creator":"@ViajarSolo","twitter_site":"@ViajarSolo","twitter_misc":{"Escrito por":"hellen","Tiempo de lectura":"5 minutos"},"schema":{"@context":"https:\/\/schema.org","@graph":[{"@type":"Article","@id":"https:\/\/www.viajarsolo.com\/blog\/la-oktoberfest-i\/#article","isPartOf":{"@id":"https:\/\/www.viajarsolo.com\/blog\/la-oktoberfest-i\/"},"author":{"name":"hellen","@id":"https:\/\/www.viajarsolo.com\/blog\/#\/schema\/person\/d1b9ae198dad052374e96f263fa557cf"},"headline":"La Oktoberfest (I)","datePublished":"2011-08-31T18:44:45+00:00","dateModified":"2016-02-15T17:03:33+00:00","mainEntityOfPage":{"@id":"https:\/\/www.viajarsolo.com\/blog\/la-oktoberfest-i\/"},"wordCount":983,"commentCount":0,"publisher":{"@id":"https:\/\/www.viajarsolo.com\/blog\/#organization"},"image":{"@id":"https:\/\/www.viajarsolo.com\/blog\/la-oktoberfest-i\/#primaryimage"},"thumbnailUrl":"https:\/\/www.viajarsolo.com\/blog\/wp-content\/uploads\/2011\/08\/REU-GERMANY-OKTOBERFEST__003.jpg","keywords":["ALEMANIA","Cerveza","MUNICH"],"articleSection":["Viajes de Fiesta"],"inLanguage":"es","potentialAction":[{"@type":"CommentAction","name":"Comment","target":["https:\/\/www.viajarsolo.com\/blog\/la-oktoberfest-i\/#respond"]}]},{"@type":"WebPage","@id":"https:\/\/www.viajarsolo.com\/blog\/la-oktoberfest-i\/","url":"https:\/\/www.viajarsolo.com\/blog\/la-oktoberfest-i\/","name":"La Oktoberfest (I) - ViajarSolo Blog","isPartOf":{"@id":"https:\/\/www.viajarsolo.com\/blog\/#website"},"primaryImageOfPage":{"@id":"https:\/\/www.viajarsolo.com\/blog\/la-oktoberfest-i\/#primaryimage"},"image":{"@id":"https:\/\/www.viajarsolo.com\/blog\/la-oktoberfest-i\/#primaryimage"},"thumbnailUrl":"https:\/\/www.viajarsolo.com\/blog\/wp-content\/uploads\/2011\/08\/REU-GERMANY-OKTOBERFEST__003.jpg","datePublished":"2011-08-31T18:44:45+00:00","dateModified":"2016-02-15T17:03:33+00:00","description":"Blog de viajes para aventurero@s y singles intr\u00e9pidos.","breadcrumb":{"@id":"https:\/\/www.viajarsolo.com\/blog\/la-oktoberfest-i\/#breadcrumb"},"inLanguage":"es","potentialAction":[{"@type":"ReadAction","target":["https:\/\/www.viajarsolo.com\/blog\/la-oktoberfest-i\/"]}]},{"@type":"ImageObject","inLanguage":"es","@id":"https:\/\/www.viajarsolo.com\/blog\/la-oktoberfest-i\/#primaryimage","url":"https:\/\/www.viajarsolo.com\/blog\/wp-content\/uploads\/2011\/08\/REU-GERMANY-OKTOBERFEST__003.jpg","contentUrl":"https:\/\/www.viajarsolo.com\/blog\/wp-content\/uploads\/2011\/08\/REU-GERMANY-OKTOBERFEST__003.jpg","width":1200,"height":790,"caption":"Revellers salute with beer after the opening of the 179th Oktoberfest in Munich September 22, 2012. Millions of beer drinkers from around the world will come to the Bavarian capital over the next two weeks for the 179th Oktoberfest, which starts today and runs until October 7, 2012. REUTERS\/Michael Dalder(GERMANY - Tags: SOCIETY ENTERTAINMENT) ORG XMIT: MDA28"},{"@type":"BreadcrumbList","@id":"https:\/\/www.viajarsolo.com\/blog\/la-oktoberfest-i\/#breadcrumb","itemListElement":[{"@type":"ListItem","position":1,"name":"Portada","item":"https:\/\/www.viajarsolo.com\/blog\/"},{"@type":"ListItem","position":2,"name":"La Oktoberfest (I)"}]},{"@type":"WebSite","@id":"https:\/\/www.viajarsolo.com\/blog\/#website","url":"https:\/\/www.viajarsolo.com\/blog\/","name":"ViajarSolo Blog","description":"Punto de encuentro de los que tienen la pasi\u00f3n por viajar","publisher":{"@id":"https:\/\/www.viajarsolo.com\/blog\/#organization"},"potentialAction":[{"@type":"SearchAction","target":{"@type":"EntryPoint","urlTemplate":"https:\/\/www.viajarsolo.com\/blog\/?s={search_term_string}"},"query-input":{"@type":"PropertyValueSpecification","valueRequired":true,"valueName":"search_term_string"}}],"inLanguage":"es"},{"@type":"Organization","@id":"https:\/\/www.viajarsolo.com\/blog\/#organization","name":"ViajarSolo","url":"https:\/\/www.viajarsolo.com\/blog\/","logo":{"@type":"ImageObject","inLanguage":"es","@id":"https:\/\/www.viajarsolo.com\/blog\/#\/schema\/logo\/image\/","url":"https:\/\/www.viajarsolo.com\/blog\/wp-content\/uploads\/2023\/07\/buzon7x2_0.jpg","contentUrl":"https:\/\/www.viajarsolo.com\/blog\/wp-content\/uploads\/2023\/07\/buzon7x2_0.jpg","width":874,"height":283,"caption":"ViajarSolo"},"image":{"@id":"https:\/\/www.viajarsolo.com\/blog\/#\/schema\/logo\/image\/"},"sameAs":["https:\/\/www.facebook.com\/ViajarSolo","https:\/\/x.com\/ViajarSolo","https:\/\/www.instagram.com\/viajarsolo\/"]},{"@type":"Person","@id":"https:\/\/www.viajarsolo.com\/blog\/#\/schema\/person\/d1b9ae198dad052374e96f263fa557cf","name":"hellen","image":{"@type":"ImageObject","inLanguage":"es","@id":"https:\/\/secure.gravatar.com\/avatar\/29a04875d333b61dbe5cff56d83ea8e07f3d180e9528958076f150a5e89d7342?s=96&d=mm&r=g","url":"https:\/\/secure.gravatar.com\/avatar\/29a04875d333b61dbe5cff56d83ea8e07f3d180e9528958076f150a5e89d7342?s=96&d=mm&r=g","contentUrl":"https:\/\/secure.gravatar.com\/avatar\/29a04875d333b61dbe5cff56d83ea8e07f3d180e9528958076f150a5e89d7342?s=96&d=mm&r=g","caption":"hellen"}}]}},"_links":{"self":[{"href":"https:\/\/www.viajarsolo.com\/blog\/wp-json\/wp\/v2\/posts\/275","targetHints":{"allow":["GET"]}}],"collection":[{"href":"https:\/\/www.viajarsolo.com\/blog\/wp-json\/wp\/v2\/posts"}],"about":[{"href":"https:\/\/www.viajarsolo.com\/blog\/wp-json\/wp\/v2\/types\/post"}],"author":[{"embeddable":true,"href":"https:\/\/www.viajarsolo.com\/blog\/wp-json\/wp\/v2\/users\/2"}],"replies":[{"embeddable":true,"href":"https:\/\/www.viajarsolo.com\/blog\/wp-json\/wp\/v2\/comments?post=275"}],"version-history":[{"count":0,"href":"https:\/\/www.viajarsolo.com\/blog\/wp-json\/wp\/v2\/posts\/275\/revisions"}],"wp:featuredmedia":[{"embeddable":true,"href":"https:\/\/www.viajarsolo.com\/blog\/wp-json\/wp\/v2\/media\/884"}],"wp:attachment":[{"href":"https:\/\/www.viajarsolo.com\/blog\/wp-json\/wp\/v2\/media?parent=275"}],"wp:term":[{"taxonomy":"category","embeddable":true,"href":"https:\/\/www.viajarsolo.com\/blog\/wp-json\/wp\/v2\/categories?post=275"},{"taxonomy":"post_tag","embeddable":true,"href":"https:\/\/www.viajarsolo.com\/blog\/wp-json\/wp\/v2\/tags?post=275"}],"curies":[{"name":"wp","href":"https:\/\/api.w.org\/{rel}","templated":true}]}}