{"id":1405,"date":"2016-05-13T22:50:18","date_gmt":"2016-05-13T20:50:18","guid":{"rendered":"https:\/\/www.viajarsolo.com\/blog\/?p=1405"},"modified":"2020-05-21T12:55:40","modified_gmt":"2020-05-21T10:55:40","slug":"arranca-aratur-2016","status":"publish","type":"post","link":"https:\/\/www.viajarsolo.com\/blog\/arranca-aratur-2016\/","title":{"rendered":"Arranca ARATUR 2016"},"content":{"rendered":"<p>Por fin ha arrancado esta nueva edici\u00f3n 2016 de la Feria de Turismo de Arag\u00f3n <strong><a href=\"http:\/\/www.feriazaragoza.es\/aratur.aspx\" target=\"_blank\" rel=\"noopener noreferrer\">ARATUR 2016<\/a>.<\/strong> Esta tarde <strong>Hellen Faus<\/strong> ha impartido una amena charla explicando y detallando las maravillas de el viaje en el <a href=\"http:\/\/www.el-transiberiano.com\/\" target=\"_blank\" rel=\"noopener noreferrer\"><strong>Tren Transiberiano<\/strong><\/a>. Durante media\u00a0hora ha estado regal\u00e1ndonos a tod@s las maravillosas experiencias que podremos vivir realizando este viaje sin igual. Os dejamos algunas fotograf\u00edas del evento que hemos grabado en video, para que pod\u00e1is disfrutarlo como nosotros hemos hecho.<\/p>\n<p>Os recordamos que podr\u00e9is encontrarnos desde el 13 al 15 de mayo de 2016 en el<strong> stand n\u00ba 14 del Palacio de Congresos de Zaragoza<\/strong>, en el recinto de la antigua Expo.\u00a0Si ten\u00e9is alguna duda s\u00f3lo que ten\u00e9is que buscar el stand m\u00e1s simp\u00e1tico y desenfadado de toda la feria. Y\u00a0si ten\u00e9is alguna duda no ten\u00e9is mas que echar un vistazo a la fotograf\u00eda del encabezado.<\/p>\n<p><!--more--><\/p>\n<p>Por supuesto no pod\u00edamos dejar de compartir con vosotros la<strong> charla de\u00a0Hellen Faus sobre El Transiberiano.\u00a0<\/strong>Esperamos que la disfrut\u00e9is como nosotros. Este es un viaje que ha estado ofreciendo Viajar Solo desde hace 10 a\u00f1os, con un magn\u00edfico \u00e9xito y podr\u00edamos decir que es uno de nuestros viajes estrella.<\/p>\n<p class=\"wc-responsive-video wc-rv-id-https-www-youtube-com-watchv6vkp40jq24c wc-rv-post-1405 wc-rv-ratio-16-9\"><iframe loading=\"lazy\" title=\"Aratur 2017. Charla acerca del Transiberiano de Hellen Faus.\" width=\"500\" height=\"281\" src=\"https:\/\/www.youtube.com\/embed\/6vkP40JQ24c?feature=oembed\" frameborder=\"0\" allow=\"accelerometer; autoplay; clipboard-write; encrypted-media; gyroscope; picture-in-picture; web-share\" referrerpolicy=\"strict-origin-when-cross-origin\" allowfullscreen><\/iframe><\/p>\n<h2>El Transiberiano<\/h2>\n<p>Os recordamos que se trata de un viaje\u00a0que se realiza en 15 o 16 d\u00edas seg\u00fan la variante de la ruta, a bordo de un tren de lujo que realiza escalas en las ciudades m\u00e1s importantes de la Rusia oriental y Asia que encuentra en su trayecto. Naturalmente en un viaje tan largo y en el que pasaremos numerosas horas de viaje <strong>contaremos con las mismas comodidades que en un hotel de 5 estrellas:<\/strong> varios vagones restaurante, zonas de relax, bar y una tripulaci\u00f3n\u00a0que har\u00e1 nuestra experiencia m\u00e1s placentera. Hoy pues os hablaremos de las comodidades y de lo que encontrar\u00e9is en el interior de <strong><a href=\"http:\/\/www.el-transiberiano.com\/\" target=\"_blank\" rel=\"noopener noreferrer\">El Transiberiano<\/a><\/strong>.<\/p>\n<p>Os recordarmos si os interesa este viaje un reciente art\u00edculo en el que desgranamos las sorpresas que nos reserva este viaje el <strong><a href=\"https:\/\/www.viajarsolo.com\/blog\/interior-vagones-tren-transiberiano\/\" target=\"_blank\" rel=\"noopener noreferrer\">interior de los vagones y servicios de El Transiberiano<\/a><\/strong>.<\/p>\n<h2>Acerca de ARATUR<\/h2>\n<p>La<strong> und\u00e9cima edici\u00f3n del <a href=\"http:\/\/www.feriazaragoza.es\/aratur.aspx\" target=\"_blank\" rel=\"noopener noreferrer\">Sal\u00f3n Aragon\u00e9s del Turismo<\/a><\/strong> vuelve al calendario ferial con mucha expectaci\u00f3n y contenido. ARATUR no solo sirve de plataforma para exhibir las ofertas y m\u00faltiples propuestas que ofrecen los destinos vacacionales m\u00e1s atractivos, sino que protagoniza un viaje sensorial al que invita a todos los asistentes. Destinos de playa, monta\u00f1a o ciudad se unen a las alternativas gastron\u00f3micas que dar\u00e1n a conocer las distintas regiones que est\u00e1n representadas en el sal\u00f3n que, <strong>del 13 al 15 de mayo<\/strong>, estar\u00e1 abierto al p\u00fablico de manera gratuita en el Palacio de Congresos (recinto Expo).<\/p>\n<p>Junto a las degustaciones y catas de productos, se ha dise\u00f1ado un intenso programa de actividades para satisfacer a todo tipo de p\u00fablico. M\u00fasica, magia, entretenimiento, bailes, payasos, t\u00edteres y recreaciones teatrales son algunas de las alternativas l\u00fadicas que acompa\u00f1ar\u00e1n a la zona expositiva de ARATUR y que cuenta con la\u00a0presencia de una amplia representaci\u00f3n de las Comunidades Aut\u00f3nomas, destinos extranjeros y turismo de aventura, entre otros.<\/p>\n<h2>\u00bfD\u00f3nde estaremos?<\/h2>\n<div>Os recordamos para que no os perd\u00e1is y veng\u00e1is a vernos que aqu\u00ed ten\u00e9is un plano del Sal\u00f3n. No tiene p\u00e9rdida. \u00a1Os esperamos!<\/div>\n<p><img loading=\"lazy\" decoding=\"async\" class=\"lazy img-responsive aligncenter wp-image-1393 size-large\" src=\"https:\/\/www.viajarsolo.com\/blog\/wp-content\/uploads\/2016\/05\/stand-aratur-16-1024x841.jpg\" sizes=\"auto, (max-width: 617px) 100vw, 617px\" alt=\"stand-aratur-16\" width=\"617\" height=\"507\" data-lazy-type=\"image\" data-lazy-src=\"https:\/\/www.viajarsolo.com\/blog\/wp-content\/uploads\/2016\/05\/stand-aratur-16-1024x841.jpg\" data-lazy-srcset=\"https:\/\/www.viajarsolo.com\/blog\/wp-content\/uploads\/2016\/05\/stand-aratur-16-1024x841.jpg 1024w, https:\/\/www.viajarsolo.com\/blog\/wp-content\/uploads\/2016\/05\/stand-aratur-16-300x246.jpg 300w, https:\/\/www.viajarsolo.com\/blog\/wp-content\/uploads\/2016\/05\/stand-aratur-16-768x630.jpg 768w, https:\/\/www.viajarsolo.com\/blog\/wp-content\/uploads\/2016\/05\/stand-aratur-16-617x506.jpg 617w\" srcset=\"https:\/\/www.viajarsolo.com\/blog\/wp-content\/uploads\/2016\/05\/stand-aratur-16-1024x841.jpg 1024w, https:\/\/www.viajarsolo.com\/blog\/wp-content\/uploads\/2016\/05\/stand-aratur-16-300x246.jpg 300w, https:\/\/www.viajarsolo.com\/blog\/wp-content\/uploads\/2016\/05\/stand-aratur-16-768x630.jpg 768w, https:\/\/www.viajarsolo.com\/blog\/wp-content\/uploads\/2016\/05\/stand-aratur-16-617x506.jpg 617w, https:\/\/www.viajarsolo.com\/blog\/wp-content\/uploads\/2016\/05\/stand-aratur-16.jpg 2048w\" \/><\/p>\n","protected":false},"excerpt":{"rendered":"<p>Por fin ha arrancado esta nueva edici\u00f3n 2016 de la Feria de Turismo de Arag\u00f3n ARATUR 2016. Esta tarde Hellen Faus ha impartido una amena charla explicando y detallando las maravillas de el viaje en el Tren Transiberiano. Durante media\u00a0hora ha estado regal\u00e1ndonos a tod@s las maravillosas experiencias que podremos vivir realizando este viaje sin [&hellip;]<\/p>\n","protected":false},"author":1,"featured_media":1406,"comment_status":"open","ping_status":"open","sticky":false,"template":"","format":"standard","meta":{"_exactmetrics_skip_tracking":false,"_exactmetrics_sitenote_active":false,"_exactmetrics_sitenote_note":"","_exactmetrics_sitenote_category":0,"footnotes":""},"categories":[144,3],"tags":[168,145],"class_list":["post-1405","post","type-post","status-publish","format-standard","has-post-thumbnail","hentry","category-el-transiberiano","category-general","tag-aratur","tag-el-transiberiano"],"yoast_head":"<!-- This site is optimized with the Yoast SEO plugin v27.5 - https:\/\/yoast.com\/product\/yoast-seo-wordpress\/ -->\n<title>Arranca ARATUR 2016 Charla sobre El Transiberiano<\/title>\n<meta name=\"description\" content=\"En la nueva edici\u00f3n 2016 ARATUR 2016. Hellen Faus ha impartido una amena charla detallando las maravillas de El Transiberiano\" \/>\n<meta name=\"robots\" content=\"index, follow, max-snippet:-1, max-image-preview:large, max-video-preview:-1\" \/>\n<link rel=\"canonical\" href=\"https:\/\/www.viajarsolo.com\/blog\/arranca-aratur-2016\/\" \/>\n<meta property=\"og:locale\" content=\"es_ES\" \/>\n<meta property=\"og:type\" content=\"article\" \/>\n<meta property=\"og:title\" content=\"Arranca ARATUR 2016 en el Palacio de Congresos\" \/>\n<meta property=\"og:description\" content=\"ARATUR ya ha comenzado y pod\u00e9is pasar a visitarnos en nuestro stand. Os podemos ofrecer toda la informaci\u00f3n que quer\u00e1is sobre nuestros viajes para singles y gente independiente.\" \/>\n<meta property=\"og:url\" content=\"https:\/\/www.viajarsolo.com\/blog\/arranca-aratur-2016\/\" \/>\n<meta property=\"og:site_name\" content=\"ViajarSolo Blog\" \/>\n<meta property=\"article:publisher\" content=\"https:\/\/www.facebook.com\/ViajarSolo\" \/>\n<meta property=\"article:published_time\" content=\"2016-05-13T20:50:18+00:00\" \/>\n<meta property=\"article:modified_time\" content=\"2020-05-21T10:55:40+00:00\" \/>\n<meta property=\"og:image\" content=\"https:\/\/www.viajarsolo.com\/blog\/wp-content\/uploads\/2016\/05\/aratur-2016-1.jpg\" \/>\n\t<meta property=\"og:image:width\" content=\"1920\" \/>\n\t<meta property=\"og:image:height\" content=\"600\" \/>\n\t<meta property=\"og:image:type\" content=\"image\/jpeg\" \/>\n<meta name=\"author\" content=\"ViajarSolo Blog\" \/>\n<meta name=\"twitter:card\" content=\"summary_large_image\" \/>\n<meta name=\"twitter:title\" content=\"Arranca ARATUR 2016 en el Palacio de Congresos\" \/>\n<meta name=\"twitter:description\" content=\"ARATUR ya ha comenzado y pod\u00e9is pasar a visitarnos en nuestro stand. Os podemos ofrecer toda la informaci\u00f3n que quer\u00e1is sobre nuestros viajes para singles y gente independiente.\" \/>\n<meta name=\"twitter:image\" content=\"https:\/\/www.viajarsolo.com\/blog\/wp-content\/uploads\/2016\/05\/aratur-2016-1.jpg\" \/>\n<meta name=\"twitter:creator\" content=\"@ViajarSolo\" \/>\n<meta name=\"twitter:site\" content=\"@ViajarSolo\" \/>\n<meta name=\"twitter:label1\" content=\"Escrito por\" \/>\n\t<meta name=\"twitter:data1\" content=\"ViajarSolo Blog\" \/>\n\t<meta name=\"twitter:label2\" content=\"Tiempo de lectura\" \/>\n\t<meta name=\"twitter:data2\" content=\"3 minutos\" \/>\n<!-- \/ Yoast SEO plugin. -->","yoast_head_json":{"title":"Arranca ARATUR 2016 Charla sobre El Transiberiano","description":"En la nueva edici\u00f3n 2016 ARATUR 2016. Hellen Faus ha impartido una amena charla detallando las maravillas de El Transiberiano","robots":{"index":"index","follow":"follow","max-snippet":"max-snippet:-1","max-image-preview":"max-image-preview:large","max-video-preview":"max-video-preview:-1"},"canonical":"https:\/\/www.viajarsolo.com\/blog\/arranca-aratur-2016\/","og_locale":"es_ES","og_type":"article","og_title":"Arranca ARATUR 2016 en el Palacio de Congresos","og_description":"ARATUR ya ha comenzado y pod\u00e9is pasar a visitarnos en nuestro stand. Os podemos ofrecer toda la informaci\u00f3n que quer\u00e1is sobre nuestros viajes para singles y gente independiente.","og_url":"https:\/\/www.viajarsolo.com\/blog\/arranca-aratur-2016\/","og_site_name":"ViajarSolo Blog","article_publisher":"https:\/\/www.facebook.com\/ViajarSolo","article_published_time":"2016-05-13T20:50:18+00:00","article_modified_time":"2020-05-21T10:55:40+00:00","og_image":[{"width":1920,"height":600,"url":"https:\/\/www.viajarsolo.com\/blog\/wp-content\/uploads\/2016\/05\/aratur-2016-1.jpg","type":"image\/jpeg"}],"author":"ViajarSolo Blog","twitter_card":"summary_large_image","twitter_title":"Arranca ARATUR 2016 en el Palacio de Congresos","twitter_description":"ARATUR ya ha comenzado y pod\u00e9is pasar a visitarnos en nuestro stand. Os podemos ofrecer toda la informaci\u00f3n que quer\u00e1is sobre nuestros viajes para singles y gente independiente.","twitter_image":"https:\/\/www.viajarsolo.com\/blog\/wp-content\/uploads\/2016\/05\/aratur-2016-1.jpg","twitter_creator":"@ViajarSolo","twitter_site":"@ViajarSolo","twitter_misc":{"Escrito por":"ViajarSolo Blog","Tiempo de lectura":"3 minutos"},"schema":{"@context":"https:\/\/schema.org","@graph":[{"@type":"Article","@id":"https:\/\/www.viajarsolo.com\/blog\/arranca-aratur-2016\/#article","isPartOf":{"@id":"https:\/\/www.viajarsolo.com\/blog\/arranca-aratur-2016\/"},"author":{"name":"ViajarSolo Blog","@id":"https:\/\/www.viajarsolo.com\/blog\/#\/schema\/person\/ef768d610b108a5d0920b92fc77865ee"},"headline":"Arranca ARATUR 2016","datePublished":"2016-05-13T20:50:18+00:00","dateModified":"2020-05-21T10:55:40+00:00","mainEntityOfPage":{"@id":"https:\/\/www.viajarsolo.com\/blog\/arranca-aratur-2016\/"},"wordCount":583,"commentCount":0,"publisher":{"@id":"https:\/\/www.viajarsolo.com\/blog\/#organization"},"image":{"@id":"https:\/\/www.viajarsolo.com\/blog\/arranca-aratur-2016\/#primaryimage"},"thumbnailUrl":"https:\/\/www.viajarsolo.com\/blog\/wp-content\/uploads\/2016\/05\/aratur-2016.jpg","keywords":["ARATUR","El Transiberiano"],"articleSection":["El Transiberiano","General"],"inLanguage":"es","potentialAction":[{"@type":"CommentAction","name":"Comment","target":["https:\/\/www.viajarsolo.com\/blog\/arranca-aratur-2016\/#respond"]}]},{"@type":"WebPage","@id":"https:\/\/www.viajarsolo.com\/blog\/arranca-aratur-2016\/","url":"https:\/\/www.viajarsolo.com\/blog\/arranca-aratur-2016\/","name":"Arranca ARATUR 2016 Charla sobre El Transiberiano","isPartOf":{"@id":"https:\/\/www.viajarsolo.com\/blog\/#website"},"primaryImageOfPage":{"@id":"https:\/\/www.viajarsolo.com\/blog\/arranca-aratur-2016\/#primaryimage"},"image":{"@id":"https:\/\/www.viajarsolo.com\/blog\/arranca-aratur-2016\/#primaryimage"},"thumbnailUrl":"https:\/\/www.viajarsolo.com\/blog\/wp-content\/uploads\/2016\/05\/aratur-2016.jpg","datePublished":"2016-05-13T20:50:18+00:00","dateModified":"2020-05-21T10:55:40+00:00","description":"En la nueva edici\u00f3n 2016 ARATUR 2016. Hellen Faus ha impartido una amena charla detallando las maravillas de El Transiberiano","breadcrumb":{"@id":"https:\/\/www.viajarsolo.com\/blog\/arranca-aratur-2016\/#breadcrumb"},"inLanguage":"es","potentialAction":[{"@type":"ReadAction","target":["https:\/\/www.viajarsolo.com\/blog\/arranca-aratur-2016\/"]}]},{"@type":"ImageObject","inLanguage":"es","@id":"https:\/\/www.viajarsolo.com\/blog\/arranca-aratur-2016\/#primaryimage","url":"https:\/\/www.viajarsolo.com\/blog\/wp-content\/uploads\/2016\/05\/aratur-2016.jpg","contentUrl":"https:\/\/www.viajarsolo.com\/blog\/wp-content\/uploads\/2016\/05\/aratur-2016.jpg","width":1920,"height":600},{"@type":"BreadcrumbList","@id":"https:\/\/www.viajarsolo.com\/blog\/arranca-aratur-2016\/#breadcrumb","itemListElement":[{"@type":"ListItem","position":1,"name":"Portada","item":"https:\/\/www.viajarsolo.com\/blog\/"},{"@type":"ListItem","position":2,"name":"Arranca ARATUR 2016"}]},{"@type":"WebSite","@id":"https:\/\/www.viajarsolo.com\/blog\/#website","url":"https:\/\/www.viajarsolo.com\/blog\/","name":"ViajarSolo Blog","description":"Punto de encuentro de los que tienen la pasi\u00f3n por viajar","publisher":{"@id":"https:\/\/www.viajarsolo.com\/blog\/#organization"},"potentialAction":[{"@type":"SearchAction","target":{"@type":"EntryPoint","urlTemplate":"https:\/\/www.viajarsolo.com\/blog\/?s={search_term_string}"},"query-input":{"@type":"PropertyValueSpecification","valueRequired":true,"valueName":"search_term_string"}}],"inLanguage":"es"},{"@type":"Organization","@id":"https:\/\/www.viajarsolo.com\/blog\/#organization","name":"ViajarSolo","url":"https:\/\/www.viajarsolo.com\/blog\/","logo":{"@type":"ImageObject","inLanguage":"es","@id":"https:\/\/www.viajarsolo.com\/blog\/#\/schema\/logo\/image\/","url":"https:\/\/www.viajarsolo.com\/blog\/wp-content\/uploads\/2023\/07\/buzon7x2_0.jpg","contentUrl":"https:\/\/www.viajarsolo.com\/blog\/wp-content\/uploads\/2023\/07\/buzon7x2_0.jpg","width":874,"height":283,"caption":"ViajarSolo"},"image":{"@id":"https:\/\/www.viajarsolo.com\/blog\/#\/schema\/logo\/image\/"},"sameAs":["https:\/\/www.facebook.com\/ViajarSolo","https:\/\/x.com\/ViajarSolo","https:\/\/www.instagram.com\/viajarsolo\/"]},{"@type":"Person","@id":"https:\/\/www.viajarsolo.com\/blog\/#\/schema\/person\/ef768d610b108a5d0920b92fc77865ee","name":"ViajarSolo Blog","image":{"@type":"ImageObject","inLanguage":"es","@id":"https:\/\/secure.gravatar.com\/avatar\/dc9878c363760592f3255978d7306d27329848811e3e07ad1756d4196e661ef7?s=96&d=mm&r=g","url":"https:\/\/secure.gravatar.com\/avatar\/dc9878c363760592f3255978d7306d27329848811e3e07ad1756d4196e661ef7?s=96&d=mm&r=g","contentUrl":"https:\/\/secure.gravatar.com\/avatar\/dc9878c363760592f3255978d7306d27329848811e3e07ad1756d4196e661ef7?s=96&d=mm&r=g","caption":"ViajarSolo Blog"}}]}},"_links":{"self":[{"href":"https:\/\/www.viajarsolo.com\/blog\/wp-json\/wp\/v2\/posts\/1405","targetHints":{"allow":["GET"]}}],"collection":[{"href":"https:\/\/www.viajarsolo.com\/blog\/wp-json\/wp\/v2\/posts"}],"about":[{"href":"https:\/\/www.viajarsolo.com\/blog\/wp-json\/wp\/v2\/types\/post"}],"author":[{"embeddable":true,"href":"https:\/\/www.viajarsolo.com\/blog\/wp-json\/wp\/v2\/users\/1"}],"replies":[{"embeddable":true,"href":"https:\/\/www.viajarsolo.com\/blog\/wp-json\/wp\/v2\/comments?post=1405"}],"version-history":[{"count":0,"href":"https:\/\/www.viajarsolo.com\/blog\/wp-json\/wp\/v2\/posts\/1405\/revisions"}],"wp:featuredmedia":[{"embeddable":true,"href":"https:\/\/www.viajarsolo.com\/blog\/wp-json\/wp\/v2\/media\/1406"}],"wp:attachment":[{"href":"https:\/\/www.viajarsolo.com\/blog\/wp-json\/wp\/v2\/media?parent=1405"}],"wp:term":[{"taxonomy":"category","embeddable":true,"href":"https:\/\/www.viajarsolo.com\/blog\/wp-json\/wp\/v2\/categories?post=1405"},{"taxonomy":"post_tag","embeddable":true,"href":"https:\/\/www.viajarsolo.com\/blog\/wp-json\/wp\/v2\/tags?post=1405"}],"curies":[{"name":"wp","href":"https:\/\/api.w.org\/{rel}","templated":true}]}}